{"id":397,"date":"2025-04-03T13:38:26","date_gmt":"2025-04-03T13:38:26","guid":{"rendered":"https:\/\/tarlagirona.com\/?p=397"},"modified":"2025-09-19T10:04:53","modified_gmt":"2025-09-19T10:04:53","slug":"restaurante-gourmet-autentico-en-el-corazon-de-girona","status":"publish","type":"post","link":"https:\/\/tarlagirona.com\/ca\/restaurante-gourmet-autentico-en-el-corazon-de-girona\/","title":{"rendered":"Restaurant gurmet aut\u00e8ntic al cor de Girona"},"content":{"rendered":"<h2 class=\"wp-block-heading\"><strong>Gaudeix de tapes, platets i cuina d&#039;autor a El Tarl\u00e0<\/strong><\/h2>\n\n\n\n<p>Ubicat al cor de Girona, <strong>El Tarl\u00e0<\/strong> \u00e9s la destinaci\u00f3 perfecta per als que busquen una experi\u00e8ncia gastron\u00f2mica aut\u00e8ntica i sofisticada. El nostre restaurant fusiona la tradici\u00f3 culin\u00e0ria local amb un toc d&#039;innovaci\u00f3, oferint tapes gurmet, platets d&#039;autor i una selecci\u00f3 exquisida d&#039;aperitius i postres.<\/p>\n\n\n\n<h3 class=\"wp-block-heading\"><strong>Explora la nostra carta: Tapes, vermutillos i sabors que captiven<\/strong><\/h3>\n\n\n\n<p>Des dels nostres deliciosos <strong>vermutillos<\/strong> i <strong>tapes gourmet<\/strong> fins als nostres <strong>platets d&#039;autor<\/strong> i <strong>postres irresistibles<\/strong>, a <strong>El Tarl\u00e0<\/strong> cada creaci\u00f3 culin\u00e0ria \u00e9s un homenatge a la gastronomia de Girona. Prioritzem ingredients frescos i de proximitat, assegurant un sabor inigualable a cada mos.<\/p>\n\n\n\n<p>Consulta la carta<\/p>\n\n\n\n<h3 class=\"wp-block-heading\"><strong>Tot el que pots viure a El Tarl\u00e0: Des del vermut fins al sopar<\/strong><\/h3>\n\n\n\n<ul class=\"wp-block-list\">\n<li><strong>Dinars i sopars d&#039;autor:<\/strong> Plats creatius elaborats amb productes locals.<\/li>\n\n\n\n<li><strong>Tapes gurmet:<\/strong> Una selecci\u00f3 que combina tradici\u00f3 i avantguarda, perfecta per compartir.<\/li>\n\n\n\n<li><strong>Vermutells i aperitius:<\/strong> Ideals per gaudir en qualsevol moment del dia.<\/li>\n\n\n\n<li><strong>Tardeig amb estil:<\/strong> El millor ambient per relaxar-te amb amics o familiars.<\/li>\n\n\n\n<li><strong>Postres casolanes:<\/strong> Elaboracions artesanals amb ingredients seleccionats.<\/li>\n<\/ul>\n\n\n\n<h3 class=\"wp-block-heading\"><strong>Viu l\u00b4experi\u00e8ncia gastron\u00f2mica a Girona en un ambient \u00fanic<\/strong><\/h3>\n\n\n\n<p>Gaudiu de cada detall en un espai modern i acollidor, pensat per real\u00e7ar l&#039;experi\u00e8ncia culin\u00e0ria. Des del primer glop fins al darrer mos, a <strong>El Tarl\u00e0<\/strong> us oferim una proposta gastron\u00f2mica que desperta els sentits.<\/p>\n\n\n\n<h2 class=\"wp-block-heading\"><strong>Els nostres horaris: Vine a gaudir d&#039;El Tarl\u00e0<\/strong><\/h2>\n\n\n\n<ul class=\"wp-block-list\">\n<li><strong>Dilluns:<\/strong> 13:00-00:00<\/li>\n\n\n\n<li><strong>Dimarts a divendres:<\/strong> 09:00 a 00:00<\/li>\n\n\n\n<li><strong>Dissabte:<\/strong> 09:00-01:00<\/li>\n\n\n\n<li><strong>Diumenge:<\/strong> Tancat<\/li>\n<\/ul>\n\n\n\n<hr class=\"wp-block-separator has-alpha-channel-opacity\"\/>\n\n\n\n<h1 class=\"wp-block-heading\"><strong>EL TARL\u00c0: Un restaurant a Girona amb cor<\/strong><\/h1>\n\n\n\n<p>A <strong>El Tarl\u00e0<\/strong>, cada plat explica una hist\u00f2ria i reflecteix l&#039;ess\u00e8ncia de Girona. Fusionem la tradici\u00f3 amb l&#039;avantguarda per crear experi\u00e8ncies culin\u00e0ries memorables. El nostre comprom\u00eds \u00e9s oferir una proposta gastron\u00f2mica que sorprengui, emocioni i faci gaudir.<\/p>\n\n\n\n<h2 class=\"wp-block-heading\"><strong>La nostra passi\u00f3: Crear moments inoblidables a trav\u00e9s de la gastronomia<\/strong><\/h2>\n\n\n\n<p>M\u00e9s enll\u00e0 de cuinar, a <strong>El Tarl\u00e0<\/strong> creem records. Cada visita \u00e9s una oportunitat per gaudir dels petits plaers de la vida, compartir amb els altres i descobrir nous sabors. Us convidem a formar part de la nostra hist\u00f2ria i gaudir de la millor gastronomia de Girona en un entorn excepcional.<\/p>\n\n\n\n<p>Consulta la nostra carta<\/p>","protected":false},"excerpt":{"rendered":"<p>Ubicat al cor de Girona, El Tarl\u00e0 \u00e9s la destinaci\u00f3 perfecta per als que busquen una experi\u00e8ncia gastron\u00f2mica aut\u00e8ntica i sofisticada. El nostre restaurant fusiona la tradici\u00f3 culin\u00e0ria local amb un toc d&#039;innovaci\u00f3, oferint tapes gurmet, platets d&#039;autor i una selecci\u00f3 exquisida d&#039;aperitius i postres.<\/p>","protected":false},"author":2,"featured_media":215,"comment_status":"closed","ping_status":"closed","sticky":false,"template":"","format":"standard","meta":{"footnotes":""},"categories":[1],"tags":[],"class_list":["post-397","post","type-post","status-publish","format-standard","has-post-thumbnail","hentry","category-blog"],"_links":{"self":[{"href":"https:\/\/tarlagirona.com\/ca\/wp-json\/wp\/v2\/posts\/397","targetHints":{"allow":["GET"]}}],"collection":[{"href":"https:\/\/tarlagirona.com\/ca\/wp-json\/wp\/v2\/posts"}],"about":[{"href":"https:\/\/tarlagirona.com\/ca\/wp-json\/wp\/v2\/types\/post"}],"author":[{"embeddable":true,"href":"https:\/\/tarlagirona.com\/ca\/wp-json\/wp\/v2\/users\/2"}],"replies":[{"embeddable":true,"href":"https:\/\/tarlagirona.com\/ca\/wp-json\/wp\/v2\/comments?post=397"}],"version-history":[{"count":1,"href":"https:\/\/tarlagirona.com\/ca\/wp-json\/wp\/v2\/posts\/397\/revisions"}],"predecessor-version":[{"id":398,"href":"https:\/\/tarlagirona.com\/ca\/wp-json\/wp\/v2\/posts\/397\/revisions\/398"}],"wp:featuredmedia":[{"embeddable":true,"href":"https:\/\/tarlagirona.com\/ca\/wp-json\/wp\/v2\/media\/215"}],"wp:attachment":[{"href":"https:\/\/tarlagirona.com\/ca\/wp-json\/wp\/v2\/media?parent=397"}],"wp:term":[{"taxonomy":"category","embeddable":true,"href":"https:\/\/tarlagirona.com\/ca\/wp-json\/wp\/v2\/categories?post=397"},{"taxonomy":"post_tag","embeddable":true,"href":"https:\/\/tarlagirona.com\/ca\/wp-json\/wp\/v2\/tags?post=397"}],"curies":[{"name":"wp","href":"https:\/\/api.w.org\/{rel}","templated":true}]}}